{"id":111881,"__str__":"Requerimento n\u00ba 1392 de 2023 | Inclu\u00eddo na Ordem do Dia em regime de urg\u00eancia | 13/09/2023","link_detail_backend":"/materia/tramitacao/111881","metadata":{},"timestamp":"2023-09-13T17:09:36.763895-03:00","data_tramitacao":"2023-09-13","data_encaminhamento":"2023-09-14","urgente":true,"turno":"U","texto":"Inclu\u00eddo em discuss\u00e3o \u00fanica, regime de urg\u00eancia na sess\u00e3o de 14/09/2023","data_fim_prazo":null,"ip":"192.168.1.123","ultima_edicao":"2023-09-13T17:08:43.950500-03:00","status":22,"materia":51303,"unidade_tramitacao_local":10,"unidade_tramitacao_destino":11,"user":36}