{"id":112072,"__str__":"Requerimento n\u00ba 1280 de 2023 | Inclu\u00eddo na Ordem do Dia em discuss\u00e3o \u00fanica | 20/09/2023","metadata":{},"timestamp":"2023-09-20T15:34:33.362089-03:00","data_tramitacao":"2023-09-20","data_encaminhamento":"2023-09-21","urgente":false,"turno":"U","texto":"Inclu\u00eddo em discuss\u00e3o \u00fanica na sess\u00e3o de 21/09/2023","data_fim_prazo":null,"ip":"192.168.1.123","ultima_edicao":"2023-09-20T15:34:21.222004-03:00","status":20,"materia":50910,"unidade_tramitacao_local":10,"unidade_tramitacao_destino":11,"user":36}