{"id":112111,"__str__":"Requerimento n\u00ba 1280 de 2023 | Aprovado em discuss\u00e3o \u00fanica | 21/09/2023","metadata":{},"timestamp":"2023-09-21T11:48:05.619938-03:00","data_tramitacao":"2023-09-21","data_encaminhamento":"2023-09-21","urgente":false,"turno":"U","texto":"Aprovado em discuss\u00e3o \u00fanica na sess\u00e3o de 21/09/2023","data_fim_prazo":null,"ip":"192.168.1.123","ultima_edicao":"2023-09-21T11:47:56.543509-03:00","status":16,"materia":50910,"unidade_tramitacao_local":11,"unidade_tramitacao_destino":10,"user":36}