{"id":118381,"__str__":"Requerimento n\u00ba 559 de 2024 | Inclu\u00eddo na Ordem do Dia em discuss\u00e3o \u00fanica | 06/05/2024","link_detail_backend":"/materia/tramitacao/118381","metadata":{},"timestamp":"2024-05-06T16:35:34.995087-03:00","data_tramitacao":"2024-05-06","data_encaminhamento":"2024-05-07","urgente":false,"turno":"U","texto":"Inclu\u00eddo em discuss\u00e3o \u00fanica na sess\u00e3o de 07/05/2024","data_fim_prazo":null,"ip":"192.168.1.123","ultima_edicao":"2024-05-06T16:35:22.685266-03:00","status":20,"materia":54175,"unidade_tramitacao_local":10,"unidade_tramitacao_destino":11,"user":36}