{"id":120307,"__str__":"Requerimento n\u00ba 749 de 2024 | Inclu\u00eddo na Ordem do Dia em discuss\u00e3o \u00fanica | 15/07/2024","metadata":{},"timestamp":"2024-07-15T17:00:48.544724-03:00","data_tramitacao":"2024-07-15","data_encaminhamento":"2024-07-16","urgente":false,"turno":"U","texto":"Inclu\u00eddo em discuss\u00e3o \u00fanica na sess\u00e3o de 16/07/2024","data_fim_prazo":null,"ip":"192.168.1.123","ultima_edicao":"2024-07-15T17:00:32.220879-03:00","status":20,"materia":54975,"unidade_tramitacao_local":10,"unidade_tramitacao_destino":11,"user":36}