{"id":120961,"__str__":"Requerimento n\u00ba 926 de 2024 | Inclu\u00eddo na Ordem do Dia em discuss\u00e3o \u00fanica | 21/08/2024","link_detail_backend":"/materia/tramitacao/120961","metadata":{},"timestamp":"2024-08-21T17:24:18.168532-03:00","data_tramitacao":"2024-08-21","data_encaminhamento":"2024-08-21","urgente":false,"turno":"U","texto":"Inclu\u00eddo em discuss\u00e3o \u00fanica na sess\u00e3o de 22/08/2024","data_fim_prazo":null,"ip":"192.168.1.121","ultima_edicao":"2024-08-21T17:24:03.363683-03:00","status":20,"materia":55178,"unidade_tramitacao_local":10,"unidade_tramitacao_destino":11,"user":40}