{"id":121192,"__str__":"Requerimento n\u00ba 1072 de 2024 | Inclu\u00eddo na Ordem do Dia em discuss\u00e3o \u00fanica | 02/09/2024","metadata":{},"timestamp":"2024-09-02T15:07:05.067978-03:00","data_tramitacao":"2024-09-02","data_encaminhamento":"2024-09-02","urgente":false,"turno":"U","texto":"Inclu\u00eddo em discuss\u00e3o \u00fanica na sess\u00e3o de 03/09/2024","data_fim_prazo":null,"ip":"192.168.1.121","ultima_edicao":"2024-09-02T15:06:53.394461-03:00","status":20,"materia":55287,"unidade_tramitacao_local":10,"unidade_tramitacao_destino":11,"user":40}