{"id":122647,"__str__":"Projeto de Lei Complementar n\u00ba 2293 de 2024 | Inclu\u00eddo na Ordem do Dia em primeira discuss\u00e3o | 25/11/2024","metadata":{},"timestamp":"2024-11-25T17:54:46.575945-03:00","data_tramitacao":"2024-11-25","data_encaminhamento":"2024-11-26","urgente":false,"turno":"P","texto":"Inclu\u00eddo em primeira discuss\u00e3o na sess\u00e3o de 26/11/2024","data_fim_prazo":null,"ip":"192.168.1.123","ultima_edicao":"2024-11-25T17:54:16.083389-03:00","status":17,"materia":54971,"unidade_tramitacao_local":10,"unidade_tramitacao_destino":11,"user":36}