{"id":123830,"__str__":"Requerimento n\u00ba 150 de 2025 | Inclu\u00eddo na Ordem do Dia em discuss\u00e3o \u00fanica | 10/02/2025","link_detail_backend":"/materia/tramitacao/123830","metadata":{},"timestamp":"2025-02-10T16:44:34.753171-03:00","data_tramitacao":"2025-02-10","data_encaminhamento":"2025-02-11","urgente":false,"turno":"U","texto":"Inclu\u00eddo em discuss\u00e3o \u00fanica na sess\u00e3o de 11/02/2025","data_fim_prazo":null,"ip":"192.168.1.123","ultima_edicao":"2025-02-10T16:44:16.048829-03:00","status":20,"materia":56490,"unidade_tramitacao_local":10,"unidade_tramitacao_destino":11,"user":36}