{"id":124611,"__str__":"Requerimento n\u00ba 210 de 2025 | Inclu\u00eddo na Ordem do Dia em discuss\u00e3o \u00fanica | 26/02/2025","link_detail_backend":"/materia/tramitacao/124611","metadata":{},"timestamp":"2025-02-26T16:19:45.859919-03:00","data_tramitacao":"2025-02-26","data_encaminhamento":"2025-02-27","urgente":false,"turno":"U","texto":"Inclu\u00eddo em discuss\u00e3o \u00fanica na sess\u00e3o de 27/02/2025","data_fim_prazo":null,"ip":"192.168.1.123","ultima_edicao":"2025-02-26T16:19:33.713668-03:00","status":20,"materia":56598,"unidade_tramitacao_local":10,"unidade_tramitacao_destino":11,"user":36}