{"id":131562,"__str__":"Requerimento n\u00ba 1602 de 2025 | Inclu\u00eddo na Ordem do Dia em discuss\u00e3o \u00fanica | 10/09/2025","metadata":{},"timestamp":"2025-09-10T15:23:30.928634-03:00","data_tramitacao":"2025-09-10","data_encaminhamento":"2025-09-11","urgente":false,"turno":"U","texto":"Inclu\u00eddo em  discuss\u00e3o \u00fanica na sess\u00e3o de 11/09/2025","data_fim_prazo":null,"ip":"192.168.1.123","ultima_edicao":"2025-09-10T15:23:16.126356-03:00","status":20,"materia":61462,"unidade_tramitacao_local":10,"unidade_tramitacao_destino":11,"user":36}