{"id":132641,"__str__":"Veto do Prefeito n\u00ba 1052 de 2025 | Inclu\u00eddo na Ordem do Dia em discuss\u00e3o \u00fanica | 13/10/2025","metadata":{},"timestamp":"2025-10-13T15:21:30.101076-03:00","data_tramitacao":"2025-10-13","data_encaminhamento":"2025-10-14","urgente":false,"turno":"U","texto":"Inclu\u00eddo em discuss\u00e3o \u00fanica na sess\u00e3o de 14/10/2025","data_fim_prazo":null,"ip":"192.168.1.123","ultima_edicao":"2025-10-13T15:20:35.697807-03:00","status":20,"materia":61946,"unidade_tramitacao_local":10,"unidade_tramitacao_destino":11,"user":36}