{"id":132655,"__str__":"Requerimento n\u00ba 1786 de 2025 | Inclu\u00eddo na Ordem do Dia em discuss\u00e3o \u00fanica | 13/10/2025","link_detail_backend":"/materia/tramitacao/132655","metadata":{},"timestamp":"2025-10-13T16:29:43.328330-03:00","data_tramitacao":"2025-10-13","data_encaminhamento":"2025-10-14","urgente":false,"turno":"U","texto":"Inclu\u00eddo em discuss\u00e3o \u00fanica na sess\u00e3o de 14/10/2025","data_fim_prazo":null,"ip":"192.168.1.123","ultima_edicao":"2025-10-13T16:29:22.386851-03:00","status":20,"materia":61779,"unidade_tramitacao_local":10,"unidade_tramitacao_destino":11,"user":36}