{"id":133089,"__str__":"Requerimento n\u00ba 139 de 2025 | Inclu\u00eddo na Ordem do Dia em discuss\u00e3o \u00fanica | 24/10/2025","metadata":{},"timestamp":"2025-10-24T15:08:46.219922-03:00","data_tramitacao":"2025-10-24","data_encaminhamento":"2025-10-28","urgente":false,"turno":"U","texto":"Inclu\u00eddo em discuss\u00e3o \u00fanica na sess\u00e3o de 28/10/2025","data_fim_prazo":null,"ip":"192.168.1.123","ultima_edicao":"2025-10-24T15:07:41.305346-03:00","status":20,"materia":62732,"unidade_tramitacao_local":10,"unidade_tramitacao_destino":10,"user":36}