{"id":134130,"__str__":"Requerimento n\u00ba 1852 de 2025 | Inclu\u00eddo na Ordem do Dia em discuss\u00e3o \u00fanica | 03/12/2025","metadata":{},"timestamp":"2025-12-03T17:27:11.499715-03:00","data_tramitacao":"2025-12-03","data_encaminhamento":"2025-12-04","urgente":false,"turno":"U","texto":"Inclu\u00eddo em discuss\u00e3o \u00fanica na sess\u00e3o de 04/12/2025","data_fim_prazo":null,"ip":"192.168.1.123","ultima_edicao":"2025-12-03T17:26:56.660690-03:00","status":20,"materia":61936,"unidade_tramitacao_local":10,"unidade_tramitacao_destino":11,"user":36}