{"id":134881,"__str__":"Requerimento n\u00ba 1991 de 2025 | Inclu\u00eddo na Ordem do Dia em discuss\u00e3o \u00fanica | 04/02/2026","metadata":{},"timestamp":"2026-02-04T15:31:47.613208-03:00","data_tramitacao":"2026-02-04","data_encaminhamento":"2026-02-04","urgente":false,"turno":"U","texto":"Inclu\u00eddo em discuss\u00e3o \u00fanica na sess\u00e3o de 05/02/2026","data_fim_prazo":null,"ip":"177.69.95.136","ultima_edicao":"2026-02-04T15:31:10.875856-03:00","status":20,"materia":62538,"unidade_tramitacao_local":10,"unidade_tramitacao_destino":10,"user":36}