{"id":135721,"__str__":"Requerimento n\u00ba 71 de 2026 | Inclu\u00eddo na Ordem do Dia em discuss\u00e3o \u00fanica | 04/03/2026","metadata":{},"timestamp":"2026-03-04T15:24:16.062310-03:00","data_tramitacao":"2026-03-04","data_encaminhamento":"2026-03-05","urgente":false,"turno":"U","texto":"Inclu\u00eddo em discuss\u00e3o \u00fanica na sess\u00e3o de 05/03/2026","data_fim_prazo":null,"ip":"177.69.95.136","ultima_edicao":"2026-03-04T15:23:55.355556-03:00","status":20,"materia":64469,"unidade_tramitacao_local":10,"unidade_tramitacao_destino":11,"user":36}