{"id":136624,"__str__":"Requerimento n\u00ba 41 de 2026 | Inclu\u00eddo na Ordem do Dia em discuss\u00e3o \u00fanica | 08/04/2026","metadata":{},"timestamp":"2026-04-08T15:30:25.577889-03:00","data_tramitacao":"2026-04-08","data_encaminhamento":"2026-04-09","urgente":false,"turno":"U","texto":"Inclu\u00eddo em discuss\u00e3o \u00fanica na sess\u00e3o de 09/04/2026","data_fim_prazo":null,"ip":"177.69.95.136","ultima_edicao":"2026-04-08T15:30:11.298901-03:00","status":20,"materia":63739,"unidade_tramitacao_local":10,"unidade_tramitacao_destino":11,"user":36}