{"id":137939,"__str__":"Requerimento n\u00ba 258 de 2026 | Aguardando inclus\u00e3o na pauta para delibera\u00e7\u00e3o em Plen\u00e1rio | 02/06/2026","link_detail_backend":"/materia/tramitacao/137939","metadata":{},"timestamp":"2026-06-02T12:38:28.451458-03:00","data_tramitacao":"2026-06-02","data_encaminhamento":"2026-06-02","urgente":false,"turno":"","texto":"","data_fim_prazo":null,"ip":"177.69.95.136","ultima_edicao":"2026-06-02T12:38:18.483139-03:00","status":34,"materia":65863,"unidade_tramitacao_local":5,"unidade_tramitacao_destino":10,"user":60}