{"id":139620,"__str__":"Requerimento n\u00ba 328 de 2026 | Inclu\u00eddo na Ordem do Dia em discuss\u00e3o \u00fanica | 10/08/2026","link_detail_backend":"/materia/tramitacao/139620","metadata":{},"timestamp":"2026-08-10T15:54:35.801494-03:00","data_tramitacao":"2026-08-10","data_encaminhamento":"2026-08-11","urgente":false,"turno":"U","texto":"Inclu\u00eddo em discuss\u00e3o \u00fanica na sess\u00e3o de 11/08/2026","data_fim_prazo":null,"ip":"177.69.95.136","ultima_edicao":"2026-08-10T15:54:16.072509-03:00","status":20,"materia":66195,"unidade_tramitacao_local":10,"unidade_tramitacao_destino":11,"user":36}