{"id":24615,"__str__":"Veto do Prefeito n\u00ba 925 de 2014 | Inclu\u00eddo na Ordem do Dia em discuss\u00e3o \u00fanica | 26/02/2014","link_detail_backend":"/materia/tramitacao/24615","metadata":{},"timestamp":"2022-10-06T11:33:54.712034-03:00","data_tramitacao":"2014-02-26","data_encaminhamento":null,"urgente":false,"turno":"U","texto":"Inclu\u00eddo em discuss\u00e3o \u00fanica na sess\u00e3o de 27/02/2014","data_fim_prazo":null,"ip":"","ultima_edicao":null,"status":20,"materia":12619,"unidade_tramitacao_local":10,"unidade_tramitacao_destino":11,"user":null}