{"id":32483,"__str__":"Requerimento n\u00ba 459 de 2015 | Inclu\u00eddo na Ordem do Dia em discuss\u00e3o \u00fanica | 14/05/2015","metadata":{},"timestamp":"2022-10-06T11:33:54.821334-03:00","data_tramitacao":"2015-05-14","data_encaminhamento":null,"urgente":true,"turno":"U","texto":"Inclu\u00eddo em discuss\u00e3o \u00fanica, regime de urg\u00eancia, na sess\u00e3o de 14/05/2015","data_fim_prazo":null,"ip":"","ultima_edicao":null,"status":20,"materia":16763,"unidade_tramitacao_local":10,"unidade_tramitacao_destino":11,"user":null}