{"id":34098,"__str__":"Requerimento n\u00ba 280 de 2015 | Inclu\u00eddo na Ordem do Dia em discuss\u00e3o \u00fanica | 06/07/2015","metadata":{},"timestamp":"2022-10-06T11:33:54.842451-03:00","data_tramitacao":"2015-07-06","data_encaminhamento":null,"urgente":false,"turno":"U","texto":"Inclu\u00eddo em discuss\u00e3o \u00fanica, na sess\u00e3o de 07/07/2015","data_fim_prazo":null,"ip":"","ultima_edicao":null,"status":20,"materia":16609,"unidade_tramitacao_local":10,"unidade_tramitacao_destino":11,"user":null}