{"id":61727,"__str__":"Requerimento n\u00ba 297 de 2018 | Adiada a discuss\u00e3o em Plen\u00e1rio | 22/03/2018","link_detail_backend":"/materia/tramitacao/61727","metadata":{},"timestamp":"2022-10-06T11:33:55.202750-03:00","data_tramitacao":"2018-03-22","data_encaminhamento":null,"urgente":false,"turno":"U","texto":"Adiada por 01 sess\u00e3o a vota\u00e7\u00e3o em plen\u00e1rio na sess\u00e3o de 22/03/2018","data_fim_prazo":null,"ip":"","ultima_edicao":null,"status":9,"materia":27340,"unidade_tramitacao_local":11,"unidade_tramitacao_destino":10,"user":null}