{"id":79689,"__str__":"Requerimento n\u00ba 1640 de 2019 | Inclu\u00eddo na Ordem do Dia em regime de urg\u00eancia | 19/09/2019","link_detail_backend":"/materia/tramitacao/79689","metadata":{},"timestamp":"2022-10-06T11:33:55.556821-03:00","data_tramitacao":"2019-09-19","data_encaminhamento":null,"urgente":false,"turno":"U","texto":"Inclu\u00eddo em discuss\u00e3o \u00fanica, regime de urg\u00eancia na sess\u00e3o de 19/09/2019","data_fim_prazo":null,"ip":"","ultima_edicao":null,"status":22,"materia":34563,"unidade_tramitacao_local":10,"unidade_tramitacao_destino":11,"user":null}