{"id":8217,"__str__":"Projeto de Lei Complementar n\u00ba 1203 de 2009 | Inclu\u00eddo na Ordem do Dia em segunda discuss\u00e3o | 27/11/2009","metadata":{},"timestamp":"2022-10-06T11:33:54.495532-03:00","data_tramitacao":"2009-11-27","data_encaminhamento":null,"urgente":true,"turno":"S","texto":"Inclu\u00eddo na pauta da Sess\u00e3o Ordin\u00e1ria do dia 1\u00ba de dezembro de 2009 em segunda discuss\u00e3o ","data_fim_prazo":null,"ip":"","ultima_edicao":null,"status":18,"materia":4305,"unidade_tramitacao_local":10,"unidade_tramitacao_destino":11,"user":null}