{"id":85421,"__str__":"Requerimento n\u00ba 596 de 2020 | Inclu\u00eddo na Ordem do Dia em discuss\u00e3o \u00fanica | 25/05/2020","link_detail_backend":"/materia/tramitacao/85421","metadata":{},"timestamp":"2022-10-06T11:33:55.629475-03:00","data_tramitacao":"2020-05-25","data_encaminhamento":null,"urgente":false,"turno":"U","texto":"Inclu\u00eddo em discuss\u00e3o \u00fanica na sess\u00e3o de 26/05/2020","data_fim_prazo":null,"ip":"","ultima_edicao":null,"status":20,"materia":37847,"unidade_tramitacao_local":10,"unidade_tramitacao_destino":11,"user":null}