{"id":90934,"__str__":"Requerimento n\u00ba 255 de 2021 | Inclu\u00eddo na Ordem do Dia em discuss\u00e3o \u00fanica | 17/03/2021","link_detail_backend":"/materia/tramitacao/90934","metadata":{},"timestamp":"2022-10-06T11:33:55.699605-03:00","data_tramitacao":"2021-03-17","data_encaminhamento":null,"urgente":false,"turno":"U","texto":"Inclu\u00eddo em discuss\u00e3o \u00fanica na sess\u00e3o de 18/03/2021   ","data_fim_prazo":null,"ip":"","ultima_edicao":null,"status":20,"materia":40840,"unidade_tramitacao_local":10,"unidade_tramitacao_destino":11,"user":null}