{"id":96990,"__str__":"Requerimento n\u00ba 1430 de 2021 | Inclu\u00eddo na Ordem do Dia em discuss\u00e3o \u00fanica | 03/11/2021","metadata":{},"timestamp":"2022-10-06T11:33:55.778701-03:00","data_tramitacao":"2021-11-03","data_encaminhamento":null,"urgente":false,"turno":"U","texto":"Inclu\u00eddo em discuss\u00e3o \u00fanica na sess\u00e3o de 04/11/2021","data_fim_prazo":null,"ip":"","ultima_edicao":null,"status":20,"materia":43623,"unidade_tramitacao_local":10,"unidade_tramitacao_destino":11,"user":null}