{"id":11939,"__str__":"Lei Complementar n\u00ba 967, de 04 de dezembro de 2013","metadata":{},"texto_integral":"http://sapl.cmm.pr.gov.br/media/sapl/public/normajuridica/2013/11939/11939_texto_integral.pdf","numero":"967","ano":2013,"esfera_federacao":"M","data":"2013-12-04","data_publicacao":null,"veiculo_publicacao":"","pagina_inicio_publicacao":null,"pagina_fim_publicacao":null,"ementa":"Disp\u00f5e sobre a cria\u00e7\u00e3o do cargo de Auxiliar Educacional e a transforma\u00e7\u00e3o do cargo de Auxiliar de Creche, com a forma\u00e7\u00e3o exigida, e seu enquadramento no Plano de Cargos, Carreira e Remunera\u00e7\u00e3o do Magist\u00e9rio e d\u00e1 outras provid\u00eancias.","indexacao":"","observacao":"","complemento":true,"data_vigencia":null,"timestamp":"2026-01-16T11:37:59.901407-03:00","data_ultima_atualizacao":"2026-01-16T11:37:59.903342-03:00","ip":"177.69.95.136","ultima_edicao":"2026-01-16T11:37:59.091325-03:00","tipo":2,"materia":11948,"orgao":null,"user":39,"assuntos":[8,33],"autores":[]}